{"id":5936,"date":"2022-12-02T15:45:47","date_gmt":"2022-12-02T13:45:47","guid":{"rendered":"https:\/\/www.uhdspain.com\/?p=5936"},"modified":"2022-12-02T15:46:07","modified_gmt":"2022-12-02T13:46:07","slug":"la-roja-shines-in-uhd-and-classifies-spain-at-the-forefront-of-world-audiovisual-technology-in-top-quality-tv-and-cinema","status":"publish","type":"post","link":"https:\/\/www.uhdspain.com\/en\/la-roja-shines-in-uhd-and-classifies-spain-at-the-forefront-of-world-audiovisual-technology-in-top-quality-tv-and-cinema\/","title":{"rendered":"&#8220;LA ROJA&#8221; SHINES IN UHD AND CLASSIFIES SPAIN AT THE FOREFRONT OF WORLD AUDIOVISUAL TECHNOLOGY IN TOP QUALITY TV AND CINEMA."},"content":{"rendered":"<ul>\n<li dir=\"ltr\" aria-level=\"1\">\n<p dir=\"ltr\" role=\"presentation\"><strong>The Spain-Japan match was screened experimentally in a cinema in Madrid in Ultra High Definition (UHD), with High Dynamic Range (HDR) and Dolby Atmos sound.<\/strong><\/p>\n<\/li>\n<li dir=\"ltr\" aria-level=\"1\">\n<p dir=\"ltr\" role=\"presentation\"><strong>Among the 200 guests and experts at this historic event was also Spanish national football team legend Alfonso P\u00e9rez Mu\u00f1oz.<\/strong><\/p>\n<\/li>\n<\/ul>\n<p dir=\"ltr\"><strong>The UHD Spain Association, which is dedicated to promoting Ultra High Definition (UHD) in Spain,<\/strong>\u00a0has scored a global technological victory by screening the Spain &#8211; Japan World Cup in a Madrid cinema in 4K quality, with High Dynamic Range (HDR) and Dolby Atmos sound.<\/p>\n<p dir=\"ltr\">The initiative took place at Cinesa&#8217;s ISense cinema in Madrid&#8217;s Pr\u00edncipe P\u00edo centre, in front of 200 experts and guests who witnessed a world-first experience, in which the free-to-air DTT signals of TVE UHD and the OTT pay-per-view platform Gol Mundial were shown and combined.<\/p>\n<p dir=\"ltr\">The President of UHD Spain,<strong>\u00a0Pere Vila,<\/strong>\u00a0said that this event is something\u00a0<em>&#8220;that is\u00a0<strong>intended and designed to be viewed on the latest generation of televisions,\u00a0<\/strong>so it has been a great challenge to transfer this experience to the cinema. And the result has been excellent&#8221;.<\/em><\/p>\n<p dir=\"ltr\"><img loading=\"lazy\" decoding=\"async\" class=\"aligncenter wp-image-5925 size-large\" src=\"https:\/\/www.uhdspain.com\/web\/wp-content\/uploads\/2022\/12\/WhatsApp-Image-2022-12-01-at-20.09.48-1024x682.jpeg\" alt=\"\" width=\"1024\" height=\"682\" srcset=\"https:\/\/www.uhdspain.com\/web\/wp-content\/uploads\/2022\/12\/WhatsApp-Image-2022-12-01-at-20.09.48-1024x682.jpeg 1024w, https:\/\/www.uhdspain.com\/web\/wp-content\/uploads\/2022\/12\/WhatsApp-Image-2022-12-01-at-20.09.48-300x200.jpeg 300w, https:\/\/www.uhdspain.com\/web\/wp-content\/uploads\/2022\/12\/WhatsApp-Image-2022-12-01-at-20.09.48-768x512.jpeg 768w, https:\/\/www.uhdspain.com\/web\/wp-content\/uploads\/2022\/12\/WhatsApp-Image-2022-12-01-at-20.09.48-1536x1023.jpeg 1536w, https:\/\/www.uhdspain.com\/web\/wp-content\/uploads\/2022\/12\/WhatsApp-Image-2022-12-01-at-20.09.48.jpeg 1600w\" sizes=\"auto, (max-width: 1024px) 100vw, 1024px\" \/><\/p>\n<p dir=\"ltr\">Vila also sees this event as a<strong>\u00a0benchmark for the future.<\/strong>\u00a0&#8220;For us it has been a new experience from which we want to draw technical-creative conclusions, so the more opinions the better, and we\u00a0<strong>encourage other companies, organisations and professionals to join UHD Spain to promote the television of the future together.\u00a0<\/strong><\/p>\n<p dir=\"ltr\">Finally, the President of UHD Spain pointed out that &#8220;UHD is usually associated with 4K but it is much more than that. In addition to higher resolution,\u00a0<strong>UHD brings together different technologies that allow for improved colour, dynamic range and even better sound.\u00a0<\/strong>Today&#8217;s audiovisual experience has included some of these technologies&#8221;.<\/p>\n<p dir=\"ltr\">Other companies, members of UHD Spain, such as Cellnex, Dolby, Mediapro, Sapec or Telev\u00e9s, also collaborated technically to make this projection possible, in addition to the technical staff of Cinesa Pr\u00edncipe P\u00edo.<\/p>\n<p dir=\"ltr\"><strong>UHD Spain brings together 40 national and multinational entities and companies committed to Ultra High Definition,<\/strong>\u00a0the technology that surpasses High Definition and has become the standard for sports productions such as the World Cup or the Olympic Games.<\/p>\n\n\t\t<style type=\"text\/css\">\n\t\t\t#gallery-1 {\n\t\t\t\tmargin: auto;\n\t\t\t}\n\t\t\t#gallery-1 .gallery-item {\n\t\t\t\tfloat: left;\n\t\t\t\tmargin-top: 10px;\n\t\t\t\ttext-align: center;\n\t\t\t\twidth: 50%;\n\t\t\t}\n\t\t\t#gallery-1 img {\n\t\t\t\tborder: 2px solid #cfcfcf;\n\t\t\t}\n\t\t\t#gallery-1 .gallery-caption {\n\t\t\t\tmargin-left: 0;\n\t\t\t}\n\t\t\t\/* see gallery_shortcode() in wp-includes\/media.php *\/\n\t\t<\/style>\n\t\t<div id='gallery-1' class='gallery galleryid-5936 gallery-columns-2 gallery-size-large'><dl class='gallery-item'>\n\t\t\t<dt class='gallery-icon landscape'>\n\t\t\t\t<a href='https:\/\/www.uhdspain.com\/en\/la-roja-shines-in-uhd-and-classifies-spain-at-the-forefront-of-world-audiovisual-technology-in-top-quality-tv-and-cinema\/whatsapp-image-2022-12-01-at-20-13-23-2\/'><img loading=\"lazy\" decoding=\"async\" width=\"1024\" height=\"682\" src=\"https:\/\/www.uhdspain.com\/web\/wp-content\/uploads\/2022\/12\/WhatsApp-Image-2022-12-01-at-20.13.23-1024x682.jpeg\" class=\"attachment-large size-large\" alt=\"\" srcset=\"https:\/\/www.uhdspain.com\/web\/wp-content\/uploads\/2022\/12\/WhatsApp-Image-2022-12-01-at-20.13.23-1024x682.jpeg 1024w, https:\/\/www.uhdspain.com\/web\/wp-content\/uploads\/2022\/12\/WhatsApp-Image-2022-12-01-at-20.13.23-300x200.jpeg 300w, https:\/\/www.uhdspain.com\/web\/wp-content\/uploads\/2022\/12\/WhatsApp-Image-2022-12-01-at-20.13.23-768x512.jpeg 768w, https:\/\/www.uhdspain.com\/web\/wp-content\/uploads\/2022\/12\/WhatsApp-Image-2022-12-01-at-20.13.23-1536x1023.jpeg 1536w, https:\/\/www.uhdspain.com\/web\/wp-content\/uploads\/2022\/12\/WhatsApp-Image-2022-12-01-at-20.13.23.jpeg 1600w\" sizes=\"auto, (max-width: 1024px) 100vw, 1024px\" \/><\/a>\n\t\t\t<\/dt><\/dl><dl class='gallery-item'>\n\t\t\t<dt class='gallery-icon landscape'>\n\t\t\t\t<a href='https:\/\/www.uhdspain.com\/en\/la-roja-shines-in-uhd-and-classifies-spain-at-the-forefront-of-world-audiovisual-technology-in-top-quality-tv-and-cinema\/whatsapp-image-2022-12-01-at-21-32-33-2\/'><img loading=\"lazy\" decoding=\"async\" width=\"1024\" height=\"682\" src=\"https:\/\/www.uhdspain.com\/web\/wp-content\/uploads\/2022\/12\/WhatsApp-Image-2022-12-01-at-21.32.33-1024x682.jpeg\" class=\"attachment-large size-large\" alt=\"\" srcset=\"https:\/\/www.uhdspain.com\/web\/wp-content\/uploads\/2022\/12\/WhatsApp-Image-2022-12-01-at-21.32.33-1024x682.jpeg 1024w, https:\/\/www.uhdspain.com\/web\/wp-content\/uploads\/2022\/12\/WhatsApp-Image-2022-12-01-at-21.32.33-300x200.jpeg 300w, https:\/\/www.uhdspain.com\/web\/wp-content\/uploads\/2022\/12\/WhatsApp-Image-2022-12-01-at-21.32.33-768x512.jpeg 768w, https:\/\/www.uhdspain.com\/web\/wp-content\/uploads\/2022\/12\/WhatsApp-Image-2022-12-01-at-21.32.33-1536x1023.jpeg 1536w, https:\/\/www.uhdspain.com\/web\/wp-content\/uploads\/2022\/12\/WhatsApp-Image-2022-12-01-at-21.32.33.jpeg 1600w\" sizes=\"auto, (max-width: 1024px) 100vw, 1024px\" \/><\/a>\n\t\t\t<\/dt><\/dl><br style=\"clear: both\" \/>\n\t\t<\/div>\n\n<h2 dir=\"ltr\"><strong>The legend Alfonso, former Spanish national team, Madrid, Bar\u00e7a and Betis player, also attended the experience.\u00a0<\/strong><\/h2>\n<p dir=\"ltr\">Alfonso P\u00e9rez Mu\u00f1oz, former Real Madrid, Barcelona and Real Betis player and one of the most important players in the history of the Spanish national team, did not want to miss this historic event. With 38 appearances for La Roja and 11 international goals on his CV, Alfonso also won the Olympic gold medal at Barcelona 92 and played in two European Championships and a World Cup.<\/p>\n<p dir=\"ltr\"><strong><img loading=\"lazy\" decoding=\"async\" class=\"aligncenter wp-image-5931 size-full\" src=\"https:\/\/www.uhdspain.com\/web\/wp-content\/uploads\/2022\/12\/7802c8d1-6e99-524d-5e7b-f25071a26e4b.jpg\" alt=\"\" width=\"1280\" height=\"853\" srcset=\"https:\/\/www.uhdspain.com\/web\/wp-content\/uploads\/2022\/12\/7802c8d1-6e99-524d-5e7b-f25071a26e4b.jpg 1280w, https:\/\/www.uhdspain.com\/web\/wp-content\/uploads\/2022\/12\/7802c8d1-6e99-524d-5e7b-f25071a26e4b-300x200.jpg 300w, https:\/\/www.uhdspain.com\/web\/wp-content\/uploads\/2022\/12\/7802c8d1-6e99-524d-5e7b-f25071a26e4b-1024x682.jpg 1024w, https:\/\/www.uhdspain.com\/web\/wp-content\/uploads\/2022\/12\/7802c8d1-6e99-524d-5e7b-f25071a26e4b-768x512.jpg 768w\" sizes=\"auto, (max-width: 1280px) 100vw, 1280px\" \/><\/strong><\/p>\n<h2 dir=\"ltr\"><strong>The World Cup in 4K is still available free-to-air on TVE UHD and other pay platforms such as Gol Mundial.<\/strong><\/h2>\n<p dir=\"ltr\">There are several options for enjoying the World Cup qualifiers in the highest quality. Firstly,<strong>\u00a0TVE<\/strong>\u00a0will broadcast all the matches of the Spanish National Team, plus<strong>\u00a04 matches of the round of 16, 2 quarter-final matches, the two semi-finals and the final\u00a0<\/strong>in UHD HDR with Dolby Atmos sound.<\/p>\n<p dir=\"ltr\">The frequencies on which TVE UHD broadcasts the World Cup for free through a network of more than 60 transmitters that reach 60% of the population can be consulted on the UHD Spain website\u00a0<a href=\"https:\/\/www.uhdspain.com\/\" target=\"_blank\" rel=\"noopener\">(www.uhdspain.com),<\/a>\u00a0where all the information on this new technology is also available.<\/p>\n<p dir=\"ltr\">TVE has not broadcast a free-to-air World Cup since 1998, which was a fateful occasion for the Spanish national team when it lost in the group stage. 24 years later, it is once again broadcasting it in\u00a0<strong>the best quality to date.<\/strong>\u00a0H<strong>DR technology\u00a0<\/strong>is a powerful ally to get the best out of the image we are watching on screen, optimising light, contrast and colour.<\/p>\n<p dir=\"ltr\">In addition to this, on its OTT platform and through Movistar+, Gol Mundial, created by Mediapro, offers in UHD HDR and Dolby Atmos the 64 matches of the World Cup.<\/p>\n<p dir=\"ltr\" style=\"text-align: center;\"><strong>Don&#8217;t think twice and enjoy the World Cup as if you were in Qatar!<\/strong><\/p>\n","protected":false},"excerpt":{"rendered":"<p>The Spain-Japan match was screened experimentally in a cinema in Madrid in Ultra High Definition (UHD), with High Dynamic Range (HDR) and Dolby Atmos sound. Among the 200 guests and experts at this historic event was also Spanish national football team legend Alfonso P\u00e9rez Mu\u00f1oz. The UHD Spain Association, which is dedicated to promoting Ultra [&hellip;]<\/p>\n","protected":false},"author":2,"featured_media":5934,"comment_status":"closed","ping_status":"closed","sticky":false,"template":"","format":"standard","meta":{"_acf_changed":false,"inline_featured_image":false,"footnotes":""},"categories":[8],"tags":[],"class_list":["post-5936","post","type-post","status-publish","format-standard","has-post-thumbnail","hentry","category-uncategorized"],"acf":[],"yoast_head":"<!-- This site is optimized with the Yoast SEO plugin v27.5 - https:\/\/yoast.com\/product\/yoast-seo-wordpress\/ -->\n<title>&quot;LA ROJA&quot; SHINES IN UHD AND CLASSIFIES SPAIN AT THE FOREFRONT OF WORLD AUDIOVISUAL TECHNOLOGY IN TOP QUALITY TV AND CINEMA. - UHD SPAIN<\/title>\n<meta name=\"robots\" content=\"index, follow, max-snippet:-1, max-image-preview:large, max-video-preview:-1\" \/>\n<link rel=\"canonical\" href=\"https:\/\/www.uhdspain.com\/en\/la-roja-shines-in-uhd-and-classifies-spain-at-the-forefront-of-world-audiovisual-technology-in-top-quality-tv-and-cinema\/\" \/>\n<meta property=\"og:locale\" content=\"en_US\" \/>\n<meta property=\"og:type\" content=\"article\" \/>\n<meta property=\"og:title\" content=\"&quot;LA ROJA&quot; SHINES IN UHD AND CLASSIFIES SPAIN AT THE FOREFRONT OF WORLD AUDIOVISUAL TECHNOLOGY IN TOP QUALITY TV AND CINEMA. - UHD SPAIN\" \/>\n<meta property=\"og:description\" content=\"The Spain-Japan match was screened experimentally in a cinema in Madrid in Ultra High Definition (UHD), with High Dynamic Range (HDR) and Dolby Atmos sound. Among the 200 guests and experts at this historic event was also Spanish national football team legend Alfonso P\u00e9rez Mu\u00f1oz. The UHD Spain Association, which is dedicated to promoting Ultra [&hellip;]\" \/>\n<meta property=\"og:url\" content=\"https:\/\/www.uhdspain.com\/en\/la-roja-shines-in-uhd-and-classifies-spain-at-the-forefront-of-world-audiovisual-technology-in-top-quality-tv-and-cinema\/\" \/>\n<meta property=\"og:site_name\" content=\"UHD SPAIN\" \/>\n<meta property=\"article:published_time\" content=\"2022-12-02T13:45:47+00:00\" \/>\n<meta property=\"article:modified_time\" content=\"2022-12-02T13:46:07+00:00\" \/>\n<meta property=\"og:image\" content=\"https:\/\/www.uhdspain.com\/web\/wp-content\/uploads\/2022\/12\/WhatsApp-Image-2022-12-01-at-21.32.59-1.jpeg\" \/>\n\t<meta property=\"og:image:width\" content=\"1600\" \/>\n\t<meta property=\"og:image:height\" content=\"1066\" \/>\n\t<meta property=\"og:image:type\" content=\"image\/jpeg\" \/>\n<meta name=\"author\" content=\"Mar\u00eda Medina\" \/>\n<meta name=\"twitter:card\" content=\"summary_large_image\" \/>\n<meta name=\"twitter:label1\" content=\"Written by\" \/>\n\t<meta name=\"twitter:data1\" content=\"Mar\u00eda Medina\" \/>\n\t<meta name=\"twitter:label2\" content=\"Est. reading time\" \/>\n\t<meta name=\"twitter:data2\" content=\"3 minutes\" \/>\n<script type=\"application\/ld+json\" class=\"yoast-schema-graph\">{\"@context\":\"https:\\\/\\\/schema.org\",\"@graph\":[{\"@type\":\"Article\",\"@id\":\"https:\\\/\\\/www.uhdspain.com\\\/en\\\/la-roja-shines-in-uhd-and-classifies-spain-at-the-forefront-of-world-audiovisual-technology-in-top-quality-tv-and-cinema\\\/#article\",\"isPartOf\":{\"@id\":\"https:\\\/\\\/www.uhdspain.com\\\/en\\\/la-roja-shines-in-uhd-and-classifies-spain-at-the-forefront-of-world-audiovisual-technology-in-top-quality-tv-and-cinema\\\/\"},\"author\":{\"name\":\"Mar\u00eda Medina\",\"@id\":\"https:\\\/\\\/www.uhdspain.com\\\/#\\\/schema\\\/person\\\/68639dd94411cf0dd0ef7b380a2f1a60\"},\"headline\":\"&#8220;LA ROJA&#8221; SHINES IN UHD AND CLASSIFIES SPAIN AT THE FOREFRONT OF WORLD AUDIOVISUAL TECHNOLOGY IN TOP QUALITY TV AND CINEMA.\",\"datePublished\":\"2022-12-02T13:45:47+00:00\",\"dateModified\":\"2022-12-02T13:46:07+00:00\",\"mainEntityOfPage\":{\"@id\":\"https:\\\/\\\/www.uhdspain.com\\\/en\\\/la-roja-shines-in-uhd-and-classifies-spain-at-the-forefront-of-world-audiovisual-technology-in-top-quality-tv-and-cinema\\\/\"},\"wordCount\":695,\"publisher\":{\"@id\":\"https:\\\/\\\/www.uhdspain.com\\\/#organization\"},\"image\":{\"@id\":\"https:\\\/\\\/www.uhdspain.com\\\/en\\\/la-roja-shines-in-uhd-and-classifies-spain-at-the-forefront-of-world-audiovisual-technology-in-top-quality-tv-and-cinema\\\/#primaryimage\"},\"thumbnailUrl\":\"https:\\\/\\\/www.uhdspain.com\\\/web\\\/wp-content\\\/uploads\\\/2022\\\/12\\\/WhatsApp-Image-2022-12-01-at-21.32.59-1.jpeg\",\"inLanguage\":\"en-US\"},{\"@type\":\"WebPage\",\"@id\":\"https:\\\/\\\/www.uhdspain.com\\\/en\\\/la-roja-shines-in-uhd-and-classifies-spain-at-the-forefront-of-world-audiovisual-technology-in-top-quality-tv-and-cinema\\\/\",\"url\":\"https:\\\/\\\/www.uhdspain.com\\\/en\\\/la-roja-shines-in-uhd-and-classifies-spain-at-the-forefront-of-world-audiovisual-technology-in-top-quality-tv-and-cinema\\\/\",\"name\":\"\\\"LA ROJA\\\" SHINES IN UHD AND CLASSIFIES SPAIN AT THE FOREFRONT OF WORLD AUDIOVISUAL TECHNOLOGY IN TOP QUALITY TV AND CINEMA. - UHD SPAIN\",\"isPartOf\":{\"@id\":\"https:\\\/\\\/www.uhdspain.com\\\/#website\"},\"primaryImageOfPage\":{\"@id\":\"https:\\\/\\\/www.uhdspain.com\\\/en\\\/la-roja-shines-in-uhd-and-classifies-spain-at-the-forefront-of-world-audiovisual-technology-in-top-quality-tv-and-cinema\\\/#primaryimage\"},\"image\":{\"@id\":\"https:\\\/\\\/www.uhdspain.com\\\/en\\\/la-roja-shines-in-uhd-and-classifies-spain-at-the-forefront-of-world-audiovisual-technology-in-top-quality-tv-and-cinema\\\/#primaryimage\"},\"thumbnailUrl\":\"https:\\\/\\\/www.uhdspain.com\\\/web\\\/wp-content\\\/uploads\\\/2022\\\/12\\\/WhatsApp-Image-2022-12-01-at-21.32.59-1.jpeg\",\"datePublished\":\"2022-12-02T13:45:47+00:00\",\"dateModified\":\"2022-12-02T13:46:07+00:00\",\"breadcrumb\":{\"@id\":\"https:\\\/\\\/www.uhdspain.com\\\/en\\\/la-roja-shines-in-uhd-and-classifies-spain-at-the-forefront-of-world-audiovisual-technology-in-top-quality-tv-and-cinema\\\/#breadcrumb\"},\"inLanguage\":\"en-US\",\"potentialAction\":[{\"@type\":\"ReadAction\",\"target\":[\"https:\\\/\\\/www.uhdspain.com\\\/en\\\/la-roja-shines-in-uhd-and-classifies-spain-at-the-forefront-of-world-audiovisual-technology-in-top-quality-tv-and-cinema\\\/\"]}]},{\"@type\":\"ImageObject\",\"inLanguage\":\"en-US\",\"@id\":\"https:\\\/\\\/www.uhdspain.com\\\/en\\\/la-roja-shines-in-uhd-and-classifies-spain-at-the-forefront-of-world-audiovisual-technology-in-top-quality-tv-and-cinema\\\/#primaryimage\",\"url\":\"https:\\\/\\\/www.uhdspain.com\\\/web\\\/wp-content\\\/uploads\\\/2022\\\/12\\\/WhatsApp-Image-2022-12-01-at-21.32.59-1.jpeg\",\"contentUrl\":\"https:\\\/\\\/www.uhdspain.com\\\/web\\\/wp-content\\\/uploads\\\/2022\\\/12\\\/WhatsApp-Image-2022-12-01-at-21.32.59-1.jpeg\",\"width\":1600,\"height\":1066},{\"@type\":\"BreadcrumbList\",\"@id\":\"https:\\\/\\\/www.uhdspain.com\\\/en\\\/la-roja-shines-in-uhd-and-classifies-spain-at-the-forefront-of-world-audiovisual-technology-in-top-quality-tv-and-cinema\\\/#breadcrumb\",\"itemListElement\":[{\"@type\":\"ListItem\",\"position\":1,\"name\":\"Portada\",\"item\":\"https:\\\/\\\/www.uhdspain.com\\\/en\\\/\"},{\"@type\":\"ListItem\",\"position\":2,\"name\":\"\u00abLA ROJA\u00bb SHINES IN UHD AND CLASSIFIES SPAIN AT THE FOREFRONT OF WORLD AUDIOVISUAL TECHNOLOGY IN TOP QUALITY TV AND CINEMA.\"}]},{\"@type\":\"WebSite\",\"@id\":\"https:\\\/\\\/www.uhdspain.com\\\/#website\",\"url\":\"https:\\\/\\\/www.uhdspain.com\\\/\",\"name\":\"UHD SPAIN\",\"description\":\"\",\"publisher\":{\"@id\":\"https:\\\/\\\/www.uhdspain.com\\\/#organization\"},\"potentialAction\":[{\"@type\":\"SearchAction\",\"target\":{\"@type\":\"EntryPoint\",\"urlTemplate\":\"https:\\\/\\\/www.uhdspain.com\\\/?s={search_term_string}\"},\"query-input\":{\"@type\":\"PropertyValueSpecification\",\"valueRequired\":true,\"valueName\":\"search_term_string\"}}],\"inLanguage\":\"en-US\"},{\"@type\":\"Organization\",\"@id\":\"https:\\\/\\\/www.uhdspain.com\\\/#organization\",\"name\":\"UHD SPAIN\",\"url\":\"https:\\\/\\\/www.uhdspain.com\\\/\",\"logo\":{\"@type\":\"ImageObject\",\"inLanguage\":\"en-US\",\"@id\":\"https:\\\/\\\/www.uhdspain.com\\\/#\\\/schema\\\/logo\\\/image\\\/\",\"url\":\"https:\\\/\\\/www.uhdspain.com\\\/web\\\/wp-content\\\/uploads\\\/2021\\\/04\\\/UHD-SPAIN-LOGO.png\",\"contentUrl\":\"https:\\\/\\\/www.uhdspain.com\\\/web\\\/wp-content\\\/uploads\\\/2021\\\/04\\\/UHD-SPAIN-LOGO.png\",\"width\":900,\"height\":600,\"caption\":\"UHD SPAIN\"},\"image\":{\"@id\":\"https:\\\/\\\/www.uhdspain.com\\\/#\\\/schema\\\/logo\\\/image\\\/\"}},{\"@type\":\"Person\",\"@id\":\"https:\\\/\\\/www.uhdspain.com\\\/#\\\/schema\\\/person\\\/68639dd94411cf0dd0ef7b380a2f1a60\",\"name\":\"Mar\u00eda Medina\",\"image\":{\"@type\":\"ImageObject\",\"inLanguage\":\"en-US\",\"@id\":\"https:\\\/\\\/secure.gravatar.com\\\/avatar\\\/5d520bf99c3df831bc828a2fcd23b134b65dd8ed7399a7b45c5451a9527ddb3a?s=96&d=mm&r=g\",\"url\":\"https:\\\/\\\/secure.gravatar.com\\\/avatar\\\/5d520bf99c3df831bc828a2fcd23b134b65dd8ed7399a7b45c5451a9527ddb3a?s=96&d=mm&r=g\",\"contentUrl\":\"https:\\\/\\\/secure.gravatar.com\\\/avatar\\\/5d520bf99c3df831bc828a2fcd23b134b65dd8ed7399a7b45c5451a9527ddb3a?s=96&d=mm&r=g\",\"caption\":\"Mar\u00eda Medina\"},\"sameAs\":[\"https:\\\/\\\/www.medinamedia.net\"]}]}<\/script>\n<!-- \/ Yoast SEO plugin. -->","yoast_head_json":{"title":"\"LA ROJA\" SHINES IN UHD AND CLASSIFIES SPAIN AT THE FOREFRONT OF WORLD AUDIOVISUAL TECHNOLOGY IN TOP QUALITY TV AND CINEMA. - UHD SPAIN","robots":{"index":"index","follow":"follow","max-snippet":"max-snippet:-1","max-image-preview":"max-image-preview:large","max-video-preview":"max-video-preview:-1"},"canonical":"https:\/\/www.uhdspain.com\/en\/la-roja-shines-in-uhd-and-classifies-spain-at-the-forefront-of-world-audiovisual-technology-in-top-quality-tv-and-cinema\/","og_locale":"en_US","og_type":"article","og_title":"\"LA ROJA\" SHINES IN UHD AND CLASSIFIES SPAIN AT THE FOREFRONT OF WORLD AUDIOVISUAL TECHNOLOGY IN TOP QUALITY TV AND CINEMA. - UHD SPAIN","og_description":"The Spain-Japan match was screened experimentally in a cinema in Madrid in Ultra High Definition (UHD), with High Dynamic Range (HDR) and Dolby Atmos sound. Among the 200 guests and experts at this historic event was also Spanish national football team legend Alfonso P\u00e9rez Mu\u00f1oz. The UHD Spain Association, which is dedicated to promoting Ultra [&hellip;]","og_url":"https:\/\/www.uhdspain.com\/en\/la-roja-shines-in-uhd-and-classifies-spain-at-the-forefront-of-world-audiovisual-technology-in-top-quality-tv-and-cinema\/","og_site_name":"UHD SPAIN","article_published_time":"2022-12-02T13:45:47+00:00","article_modified_time":"2022-12-02T13:46:07+00:00","og_image":[{"width":1600,"height":1066,"url":"https:\/\/www.uhdspain.com\/web\/wp-content\/uploads\/2022\/12\/WhatsApp-Image-2022-12-01-at-21.32.59-1.jpeg","type":"image\/jpeg"}],"author":"Mar\u00eda Medina","twitter_card":"summary_large_image","twitter_misc":{"Written by":"Mar\u00eda Medina","Est. reading time":"3 minutes"},"schema":{"@context":"https:\/\/schema.org","@graph":[{"@type":"Article","@id":"https:\/\/www.uhdspain.com\/en\/la-roja-shines-in-uhd-and-classifies-spain-at-the-forefront-of-world-audiovisual-technology-in-top-quality-tv-and-cinema\/#article","isPartOf":{"@id":"https:\/\/www.uhdspain.com\/en\/la-roja-shines-in-uhd-and-classifies-spain-at-the-forefront-of-world-audiovisual-technology-in-top-quality-tv-and-cinema\/"},"author":{"name":"Mar\u00eda Medina","@id":"https:\/\/www.uhdspain.com\/#\/schema\/person\/68639dd94411cf0dd0ef7b380a2f1a60"},"headline":"&#8220;LA ROJA&#8221; SHINES IN UHD AND CLASSIFIES SPAIN AT THE FOREFRONT OF WORLD AUDIOVISUAL TECHNOLOGY IN TOP QUALITY TV AND CINEMA.","datePublished":"2022-12-02T13:45:47+00:00","dateModified":"2022-12-02T13:46:07+00:00","mainEntityOfPage":{"@id":"https:\/\/www.uhdspain.com\/en\/la-roja-shines-in-uhd-and-classifies-spain-at-the-forefront-of-world-audiovisual-technology-in-top-quality-tv-and-cinema\/"},"wordCount":695,"publisher":{"@id":"https:\/\/www.uhdspain.com\/#organization"},"image":{"@id":"https:\/\/www.uhdspain.com\/en\/la-roja-shines-in-uhd-and-classifies-spain-at-the-forefront-of-world-audiovisual-technology-in-top-quality-tv-and-cinema\/#primaryimage"},"thumbnailUrl":"https:\/\/www.uhdspain.com\/web\/wp-content\/uploads\/2022\/12\/WhatsApp-Image-2022-12-01-at-21.32.59-1.jpeg","inLanguage":"en-US"},{"@type":"WebPage","@id":"https:\/\/www.uhdspain.com\/en\/la-roja-shines-in-uhd-and-classifies-spain-at-the-forefront-of-world-audiovisual-technology-in-top-quality-tv-and-cinema\/","url":"https:\/\/www.uhdspain.com\/en\/la-roja-shines-in-uhd-and-classifies-spain-at-the-forefront-of-world-audiovisual-technology-in-top-quality-tv-and-cinema\/","name":"\"LA ROJA\" SHINES IN UHD AND CLASSIFIES SPAIN AT THE FOREFRONT OF WORLD AUDIOVISUAL TECHNOLOGY IN TOP QUALITY TV AND CINEMA. - UHD SPAIN","isPartOf":{"@id":"https:\/\/www.uhdspain.com\/#website"},"primaryImageOfPage":{"@id":"https:\/\/www.uhdspain.com\/en\/la-roja-shines-in-uhd-and-classifies-spain-at-the-forefront-of-world-audiovisual-technology-in-top-quality-tv-and-cinema\/#primaryimage"},"image":{"@id":"https:\/\/www.uhdspain.com\/en\/la-roja-shines-in-uhd-and-classifies-spain-at-the-forefront-of-world-audiovisual-technology-in-top-quality-tv-and-cinema\/#primaryimage"},"thumbnailUrl":"https:\/\/www.uhdspain.com\/web\/wp-content\/uploads\/2022\/12\/WhatsApp-Image-2022-12-01-at-21.32.59-1.jpeg","datePublished":"2022-12-02T13:45:47+00:00","dateModified":"2022-12-02T13:46:07+00:00","breadcrumb":{"@id":"https:\/\/www.uhdspain.com\/en\/la-roja-shines-in-uhd-and-classifies-spain-at-the-forefront-of-world-audiovisual-technology-in-top-quality-tv-and-cinema\/#breadcrumb"},"inLanguage":"en-US","potentialAction":[{"@type":"ReadAction","target":["https:\/\/www.uhdspain.com\/en\/la-roja-shines-in-uhd-and-classifies-spain-at-the-forefront-of-world-audiovisual-technology-in-top-quality-tv-and-cinema\/"]}]},{"@type":"ImageObject","inLanguage":"en-US","@id":"https:\/\/www.uhdspain.com\/en\/la-roja-shines-in-uhd-and-classifies-spain-at-the-forefront-of-world-audiovisual-technology-in-top-quality-tv-and-cinema\/#primaryimage","url":"https:\/\/www.uhdspain.com\/web\/wp-content\/uploads\/2022\/12\/WhatsApp-Image-2022-12-01-at-21.32.59-1.jpeg","contentUrl":"https:\/\/www.uhdspain.com\/web\/wp-content\/uploads\/2022\/12\/WhatsApp-Image-2022-12-01-at-21.32.59-1.jpeg","width":1600,"height":1066},{"@type":"BreadcrumbList","@id":"https:\/\/www.uhdspain.com\/en\/la-roja-shines-in-uhd-and-classifies-spain-at-the-forefront-of-world-audiovisual-technology-in-top-quality-tv-and-cinema\/#breadcrumb","itemListElement":[{"@type":"ListItem","position":1,"name":"Portada","item":"https:\/\/www.uhdspain.com\/en\/"},{"@type":"ListItem","position":2,"name":"\u00abLA ROJA\u00bb SHINES IN UHD AND CLASSIFIES SPAIN AT THE FOREFRONT OF WORLD AUDIOVISUAL TECHNOLOGY IN TOP QUALITY TV AND CINEMA."}]},{"@type":"WebSite","@id":"https:\/\/www.uhdspain.com\/#website","url":"https:\/\/www.uhdspain.com\/","name":"UHD SPAIN","description":"","publisher":{"@id":"https:\/\/www.uhdspain.com\/#organization"},"potentialAction":[{"@type":"SearchAction","target":{"@type":"EntryPoint","urlTemplate":"https:\/\/www.uhdspain.com\/?s={search_term_string}"},"query-input":{"@type":"PropertyValueSpecification","valueRequired":true,"valueName":"search_term_string"}}],"inLanguage":"en-US"},{"@type":"Organization","@id":"https:\/\/www.uhdspain.com\/#organization","name":"UHD SPAIN","url":"https:\/\/www.uhdspain.com\/","logo":{"@type":"ImageObject","inLanguage":"en-US","@id":"https:\/\/www.uhdspain.com\/#\/schema\/logo\/image\/","url":"https:\/\/www.uhdspain.com\/web\/wp-content\/uploads\/2021\/04\/UHD-SPAIN-LOGO.png","contentUrl":"https:\/\/www.uhdspain.com\/web\/wp-content\/uploads\/2021\/04\/UHD-SPAIN-LOGO.png","width":900,"height":600,"caption":"UHD SPAIN"},"image":{"@id":"https:\/\/www.uhdspain.com\/#\/schema\/logo\/image\/"}},{"@type":"Person","@id":"https:\/\/www.uhdspain.com\/#\/schema\/person\/68639dd94411cf0dd0ef7b380a2f1a60","name":"Mar\u00eda Medina","image":{"@type":"ImageObject","inLanguage":"en-US","@id":"https:\/\/secure.gravatar.com\/avatar\/5d520bf99c3df831bc828a2fcd23b134b65dd8ed7399a7b45c5451a9527ddb3a?s=96&d=mm&r=g","url":"https:\/\/secure.gravatar.com\/avatar\/5d520bf99c3df831bc828a2fcd23b134b65dd8ed7399a7b45c5451a9527ddb3a?s=96&d=mm&r=g","contentUrl":"https:\/\/secure.gravatar.com\/avatar\/5d520bf99c3df831bc828a2fcd23b134b65dd8ed7399a7b45c5451a9527ddb3a?s=96&d=mm&r=g","caption":"Mar\u00eda Medina"},"sameAs":["https:\/\/www.medinamedia.net"]}]}},"_links":{"self":[{"href":"https:\/\/www.uhdspain.com\/en\/wp-json\/wp\/v2\/posts\/5936","targetHints":{"allow":["GET"]}}],"collection":[{"href":"https:\/\/www.uhdspain.com\/en\/wp-json\/wp\/v2\/posts"}],"about":[{"href":"https:\/\/www.uhdspain.com\/en\/wp-json\/wp\/v2\/types\/post"}],"author":[{"embeddable":true,"href":"https:\/\/www.uhdspain.com\/en\/wp-json\/wp\/v2\/users\/2"}],"replies":[{"embeddable":true,"href":"https:\/\/www.uhdspain.com\/en\/wp-json\/wp\/v2\/comments?post=5936"}],"version-history":[{"count":0,"href":"https:\/\/www.uhdspain.com\/en\/wp-json\/wp\/v2\/posts\/5936\/revisions"}],"wp:featuredmedia":[{"embeddable":true,"href":"https:\/\/www.uhdspain.com\/en\/wp-json\/wp\/v2\/media\/5934"}],"wp:attachment":[{"href":"https:\/\/www.uhdspain.com\/en\/wp-json\/wp\/v2\/media?parent=5936"}],"wp:term":[{"taxonomy":"category","embeddable":true,"href":"https:\/\/www.uhdspain.com\/en\/wp-json\/wp\/v2\/categories?post=5936"},{"taxonomy":"post_tag","embeddable":true,"href":"https:\/\/www.uhdspain.com\/en\/wp-json\/wp\/v2\/tags?post=5936"}],"curies":[{"name":"wp","href":"https:\/\/api.w.org\/{rel}","templated":true}]}}