{"id":4895,"date":"2022-09-22T03:00:06","date_gmt":"2022-09-22T01:00:06","guid":{"rendered":"https:\/\/www.uhdspain.com\/?p=4895"},"modified":"2022-09-21T22:50:03","modified_gmt":"2022-09-21T20:50:03","slug":"4895","status":"publish","type":"post","link":"https:\/\/www.uhdspain.com\/en\/4895\/","title":{"rendered":"UHD SPAIN PRESENTS A COURSE ON UHD SIGNAL PRODUCTION AND BROADCASTING IN COLLABORATION WITH THE UPM"},"content":{"rendered":"<ul>\n<li dir=\"ltr\" aria-level=\"1\">\n<p dir=\"ltr\" role=\"presentation\"><strong>The faculty is integrated by active professional specialists, members of UHD Spain.<\/strong><\/p>\n<\/li>\n<li dir=\"ltr\" aria-level=\"1\">\n<p dir=\"ltr\" role=\"presentation\"><strong>Registration is now open on the official website of UHD Spain and UPM.<\/strong><\/p>\n<\/li>\n<\/ul>\n<p dir=\"ltr\"><a href=\"https:\/\/www.uhdspain.com\/\" target=\"_blank\" rel=\"noopener\">UHD Spain,<\/a>\u00a0the association that promotes Ultra High Definition in Spain, in its interest to continue supporting and contributing to the training of professionals in this field, has announced the opening of registration for the course of\u00a0<strong>UHD Signal Production and Broadcasting In collaboration with the Polytechnic University of Madrid (UPM).<\/strong><\/p>\n<p dir=\"ltr\">The course, which will be imparted remotely, will have 14 teachers, all of them active professionals in the sector such as Carlos Cast\u00e1n, Manager of\u00a0<strong>Canon;\u00a0<\/strong>Xavier Bonet,\u00a0<strong>CCMA;\u00a0<\/strong>Xavier Red\u00f3n, Product Manager of\u00a0<strong>Cellnex;\u00a0<\/strong>Vicente Pla,<strong>\u00a0COITT;\u00a0<\/strong>Sonia Valladares, Solutions Engineer at\u00a0<strong>Dolby;\u00a0<\/strong>Ricardo Vi\u00f1as, Senior Sound Consultant at<strong>\u00a0Dolby Laboratories;\u00a0<\/strong>Elena Burdiel, Associate Researcher at<strong>\u00a0Fraunhofer<\/strong>\u00a0IIS; Emili Planas, Director of Technology and Operations at\u00a0<strong>Mediapro;\u00a0<\/strong>Roberto Salvador, from\u00a0<strong>RTVE;\u00a0<\/strong>Juan Jos\u00e9 Anaya, Technical Director at\u00a0<strong>SAPEC;\u00a0<\/strong>Juli\u00e1n Fern\u00e1ndez-Camp\u00f3n, Technology Director at\u00a0<strong>Tedial;\u00a0<\/strong>Yeray Alfageme, Business Development Director at\u00a0<strong>Optiva Media,\u00a0<\/strong>and Jos\u00e9 Luis Blanco, Professor at the<strong>\u00a0Polytechnic University of Madrid;<\/strong>\u00a0and coordinated by UPM Professor Jos\u00e9 Manuel Men\u00e9ndez through his involvement in the UHD Spain association.<\/p>\n<p dir=\"ltr\">The purpose of this course is that at present the transition in the field of television is towards productions made with Ultra High Definition signal, a type of signal that substantially increases the number of pixels and implies very important changes in the audio and video signal.<\/p>\n<p dir=\"ltr\">These changes allude, for example, to the use of a greater bit depth, a wider range of color, the possible use of a signal with high dynamic range or a higher frequency in the refresh rate of the image frame in addition to the use of a new type of audio signal of new generation.<\/p>\n<p dir=\"ltr\">According to course coordinator\u00a0<strong>Jos\u00e9 Manuel Men\u00e9ndez,\u00a0<\/strong><em><strong>&#8220;<\/strong>the main goal is to teach professionals about the new characteristics of the UHD signal throughout the production chain, from capture to broadcast&#8221;.<\/em><\/p>\n<p dir=\"ltr\">The classes will include aspects of post-processing, monitoring, archiving, and commercial exploitation of the content broadcast or available for value-added services.<\/p>\n<p dir=\"ltr\">To access the course, although no academic degree is required, it is recommended that the student has completed a university degree or higher cycle in Vocational Training related to technical subjects that include the study of the audio and\/or video signal in the signal broadcast on television, or audiovisual communication or the production and realization of this type of content.<\/p>\n<p dir=\"ltr\">The course program includes topics such as the technical evolution of the television signal, IP production centers, broadcast systems and transport of the UHD signal, the new generation NGA audio in UHD signal, UHD video, signal monitoring, live and deferred broadcast architectures, value-added services, and distribution and archiving of content.<\/p>\n<h2><strong>About UHD Spain<\/strong><\/h2>\n<p dir=\"ltr\"><strong>UHD Spain is a non-profit association created on January 26, 2021, t<\/strong>o promote Ultra High Definition (UHD) in Spain. Currently, there are already 40 associated companies: ADM, Agile Content, Ametic, Ateme, Atresmedia, Axion, Canal Sur, Canon, CCMA, Cellnex, Cires21, COITT, Dolby, Egatel, Fecotel, Fenitel, Forta, Fraunhofer, Gradiant, Gsertel, Henneo, Hispasat, Hur\u00ed, Lavinia, Mediapro, Medina Media, Optiva Media, Rohde &amp;. Schwarz, RTVE, Sapec, Secuoya, Synamedia, Tedial, Telecom CLM, Telev\u00e9s, TRedess, UPM, Uteca, Vestel and Video-MOS.<\/p>\n<p dir=\"ltr\">Among the founding partners is the Polytechnic University of Madrid, in particular with professors and researchers from the E.T.S. of Telecommunications Engineers who have been working on UHD issues since 2015 through the RTVE Chair at UPM.<\/p>\n<div>It should be highlighted that in Europe only five countries have professional associations on Ultra High Definition: Germany, France, the United Kingdom, Italy, and Spain.<\/div>\n<h3 style=\"text-align: center;\"><strong>For more information and registration:<\/strong>\u00a0<a href=\"https:\/\/www.uhdspain.com\/formacion\/\" target=\"_blank\" rel=\"noopener\">www.uhdspain.com<\/a><\/h3>\n<div><\/div>\n","protected":false},"excerpt":{"rendered":"<p>The faculty is integrated by active professional specialists, members of UHD Spain. Registration is now open on the official website of UHD Spain and UPM. UHD Spain,\u00a0the association that promotes Ultra High Definition in Spain, in its interest to continue supporting and contributing to the training of professionals in this field, has announced the opening [&hellip;]<\/p>\n","protected":false},"author":2,"featured_media":4896,"comment_status":"closed","ping_status":"closed","sticky":false,"template":"","format":"standard","meta":{"_acf_changed":false,"inline_featured_image":false,"footnotes":""},"categories":[8],"tags":[],"class_list":["post-4895","post","type-post","status-publish","format-standard","has-post-thumbnail","hentry","category-uncategorized"],"acf":[],"yoast_head":"<!-- This site is optimized with the Yoast SEO plugin v27.5 - https:\/\/yoast.com\/product\/yoast-seo-wordpress\/ -->\n<title>HD Spain presents a course on UHD signal<\/title>\n<meta name=\"description\" content=\"The faculty is integrated by active professional specialists, members of UHD Spain. Registration is now open.\" \/>\n<meta name=\"robots\" content=\"index, follow, max-snippet:-1, max-image-preview:large, max-video-preview:-1\" \/>\n<link rel=\"canonical\" href=\"https:\/\/www.uhdspain.com\/?p=4890\" \/>\n<meta property=\"og:locale\" content=\"en_US\" \/>\n<meta property=\"og:type\" content=\"article\" \/>\n<meta property=\"og:title\" content=\"HD Spain presents a course on UHD signal\" \/>\n<meta property=\"og:description\" content=\"The faculty is integrated by active professional specialists, members of UHD Spain. Registration is now open.\" \/>\n<meta property=\"og:url\" content=\"https:\/\/www.uhdspain.com\/?p=4890\" \/>\n<meta property=\"og:site_name\" content=\"UHD SPAIN\" \/>\n<meta property=\"article:published_time\" content=\"2022-09-22T01:00:06+00:00\" \/>\n<meta property=\"og:image\" content=\"https:\/\/www.uhdspain.com\/web\/wp-content\/uploads\/2022\/09\/Curso-UHD-SPAIN-UPM-ENG-copy-scaled.jpg\" \/>\n\t<meta property=\"og:image:width\" content=\"2560\" \/>\n\t<meta property=\"og:image:height\" content=\"1008\" \/>\n\t<meta property=\"og:image:type\" content=\"image\/jpeg\" \/>\n<meta name=\"author\" content=\"Mar\u00eda Medina\" \/>\n<meta name=\"twitter:card\" content=\"summary_large_image\" \/>\n<meta name=\"twitter:label1\" content=\"Written by\" \/>\n\t<meta name=\"twitter:data1\" content=\"Mar\u00eda Medina\" \/>\n\t<meta name=\"twitter:label2\" content=\"Est. reading time\" \/>\n\t<meta name=\"twitter:data2\" content=\"3 minutes\" \/>\n<script type=\"application\/ld+json\" class=\"yoast-schema-graph\">{\"@context\":\"https:\\\/\\\/schema.org\",\"@graph\":[{\"@type\":\"Article\",\"@id\":\"https:\\\/\\\/www.uhdspain.com\\\/?p=4890#article\",\"isPartOf\":{\"@id\":\"https:\\\/\\\/www.uhdspain.com\\\/?p=4890\"},\"author\":{\"name\":\"Mar\u00eda Medina\",\"@id\":\"https:\\\/\\\/www.uhdspain.com\\\/#\\\/schema\\\/person\\\/68639dd94411cf0dd0ef7b380a2f1a60\"},\"headline\":\"UHD SPAIN PRESENTS A COURSE ON UHD SIGNAL PRODUCTION AND BROADCASTING IN COLLABORATION WITH THE UPM\",\"datePublished\":\"2022-09-22T01:00:06+00:00\",\"mainEntityOfPage\":{\"@id\":\"https:\\\/\\\/www.uhdspain.com\\\/?p=4890\"},\"wordCount\":629,\"publisher\":{\"@id\":\"https:\\\/\\\/www.uhdspain.com\\\/#organization\"},\"image\":{\"@id\":\"https:\\\/\\\/www.uhdspain.com\\\/?p=4890#primaryimage\"},\"thumbnailUrl\":\"https:\\\/\\\/www.uhdspain.com\\\/web\\\/wp-content\\\/uploads\\\/2022\\\/09\\\/Curso-UHD-SPAIN-UPM-ENG-copy-scaled.jpg\",\"inLanguage\":\"en-US\"},{\"@type\":\"WebPage\",\"@id\":\"https:\\\/\\\/www.uhdspain.com\\\/?p=4890\",\"url\":\"https:\\\/\\\/www.uhdspain.com\\\/?p=4890\",\"name\":\"HD Spain presents a course on UHD signal\",\"isPartOf\":{\"@id\":\"https:\\\/\\\/www.uhdspain.com\\\/#website\"},\"primaryImageOfPage\":{\"@id\":\"https:\\\/\\\/www.uhdspain.com\\\/?p=4890#primaryimage\"},\"image\":{\"@id\":\"https:\\\/\\\/www.uhdspain.com\\\/?p=4890#primaryimage\"},\"thumbnailUrl\":\"https:\\\/\\\/www.uhdspain.com\\\/web\\\/wp-content\\\/uploads\\\/2022\\\/09\\\/Curso-UHD-SPAIN-UPM-ENG-copy-scaled.jpg\",\"datePublished\":\"2022-09-22T01:00:06+00:00\",\"description\":\"The faculty is integrated by active professional specialists, members of UHD Spain. Registration is now open.\",\"breadcrumb\":{\"@id\":\"https:\\\/\\\/www.uhdspain.com\\\/?p=4890#breadcrumb\"},\"inLanguage\":\"en-US\",\"potentialAction\":[{\"@type\":\"ReadAction\",\"target\":[\"https:\\\/\\\/www.uhdspain.com\\\/?p=4890\"]}]},{\"@type\":\"ImageObject\",\"inLanguage\":\"en-US\",\"@id\":\"https:\\\/\\\/www.uhdspain.com\\\/?p=4890#primaryimage\",\"url\":\"https:\\\/\\\/www.uhdspain.com\\\/web\\\/wp-content\\\/uploads\\\/2022\\\/09\\\/Curso-UHD-SPAIN-UPM-ENG-copy-scaled.jpg\",\"contentUrl\":\"https:\\\/\\\/www.uhdspain.com\\\/web\\\/wp-content\\\/uploads\\\/2022\\\/09\\\/Curso-UHD-SPAIN-UPM-ENG-copy-scaled.jpg\",\"width\":2560,\"height\":1008,\"caption\":\"Curso-UHD-SPAIN-UPM\"},{\"@type\":\"BreadcrumbList\",\"@id\":\"https:\\\/\\\/www.uhdspain.com\\\/?p=4890#breadcrumb\",\"itemListElement\":[{\"@type\":\"ListItem\",\"position\":1,\"name\":\"Portada\",\"item\":\"https:\\\/\\\/www.uhdspain.com\\\/en\\\/\"},{\"@type\":\"ListItem\",\"position\":2,\"name\":\"UHD SPAIN PRESENTS A COURSE ON UHD SIGNAL PRODUCTION AND BROADCASTING IN COLLABORATION WITH THE UPM\"}]},{\"@type\":\"WebSite\",\"@id\":\"https:\\\/\\\/www.uhdspain.com\\\/#website\",\"url\":\"https:\\\/\\\/www.uhdspain.com\\\/\",\"name\":\"UHD SPAIN\",\"description\":\"\",\"publisher\":{\"@id\":\"https:\\\/\\\/www.uhdspain.com\\\/#organization\"},\"potentialAction\":[{\"@type\":\"SearchAction\",\"target\":{\"@type\":\"EntryPoint\",\"urlTemplate\":\"https:\\\/\\\/www.uhdspain.com\\\/?s={search_term_string}\"},\"query-input\":{\"@type\":\"PropertyValueSpecification\",\"valueRequired\":true,\"valueName\":\"search_term_string\"}}],\"inLanguage\":\"en-US\"},{\"@type\":\"Organization\",\"@id\":\"https:\\\/\\\/www.uhdspain.com\\\/#organization\",\"name\":\"UHD SPAIN\",\"url\":\"https:\\\/\\\/www.uhdspain.com\\\/\",\"logo\":{\"@type\":\"ImageObject\",\"inLanguage\":\"en-US\",\"@id\":\"https:\\\/\\\/www.uhdspain.com\\\/#\\\/schema\\\/logo\\\/image\\\/\",\"url\":\"https:\\\/\\\/www.uhdspain.com\\\/web\\\/wp-content\\\/uploads\\\/2021\\\/04\\\/UHD-SPAIN-LOGO.png\",\"contentUrl\":\"https:\\\/\\\/www.uhdspain.com\\\/web\\\/wp-content\\\/uploads\\\/2021\\\/04\\\/UHD-SPAIN-LOGO.png\",\"width\":900,\"height\":600,\"caption\":\"UHD SPAIN\"},\"image\":{\"@id\":\"https:\\\/\\\/www.uhdspain.com\\\/#\\\/schema\\\/logo\\\/image\\\/\"}},{\"@type\":\"Person\",\"@id\":\"https:\\\/\\\/www.uhdspain.com\\\/#\\\/schema\\\/person\\\/68639dd94411cf0dd0ef7b380a2f1a60\",\"name\":\"Mar\u00eda Medina\",\"image\":{\"@type\":\"ImageObject\",\"inLanguage\":\"en-US\",\"@id\":\"https:\\\/\\\/secure.gravatar.com\\\/avatar\\\/5d520bf99c3df831bc828a2fcd23b134b65dd8ed7399a7b45c5451a9527ddb3a?s=96&d=mm&r=g\",\"url\":\"https:\\\/\\\/secure.gravatar.com\\\/avatar\\\/5d520bf99c3df831bc828a2fcd23b134b65dd8ed7399a7b45c5451a9527ddb3a?s=96&d=mm&r=g\",\"contentUrl\":\"https:\\\/\\\/secure.gravatar.com\\\/avatar\\\/5d520bf99c3df831bc828a2fcd23b134b65dd8ed7399a7b45c5451a9527ddb3a?s=96&d=mm&r=g\",\"caption\":\"Mar\u00eda Medina\"},\"sameAs\":[\"https:\\\/\\\/www.medinamedia.net\"]}]}<\/script>\n<!-- \/ Yoast SEO plugin. -->","yoast_head_json":{"title":"HD Spain presents a course on UHD signal","description":"The faculty is integrated by active professional specialists, members of UHD Spain. Registration is now open.","robots":{"index":"index","follow":"follow","max-snippet":"max-snippet:-1","max-image-preview":"max-image-preview:large","max-video-preview":"max-video-preview:-1"},"canonical":"https:\/\/www.uhdspain.com\/?p=4890","og_locale":"en_US","og_type":"article","og_title":"HD Spain presents a course on UHD signal","og_description":"The faculty is integrated by active professional specialists, members of UHD Spain. Registration is now open.","og_url":"https:\/\/www.uhdspain.com\/?p=4890","og_site_name":"UHD SPAIN","article_published_time":"2022-09-22T01:00:06+00:00","og_image":[{"width":2560,"height":1008,"url":"https:\/\/www.uhdspain.com\/web\/wp-content\/uploads\/2022\/09\/Curso-UHD-SPAIN-UPM-ENG-copy-scaled.jpg","type":"image\/jpeg"}],"author":"Mar\u00eda Medina","twitter_card":"summary_large_image","twitter_misc":{"Written by":"Mar\u00eda Medina","Est. reading time":"3 minutes"},"schema":{"@context":"https:\/\/schema.org","@graph":[{"@type":"Article","@id":"https:\/\/www.uhdspain.com\/?p=4890#article","isPartOf":{"@id":"https:\/\/www.uhdspain.com\/?p=4890"},"author":{"name":"Mar\u00eda Medina","@id":"https:\/\/www.uhdspain.com\/#\/schema\/person\/68639dd94411cf0dd0ef7b380a2f1a60"},"headline":"UHD SPAIN PRESENTS A COURSE ON UHD SIGNAL PRODUCTION AND BROADCASTING IN COLLABORATION WITH THE UPM","datePublished":"2022-09-22T01:00:06+00:00","mainEntityOfPage":{"@id":"https:\/\/www.uhdspain.com\/?p=4890"},"wordCount":629,"publisher":{"@id":"https:\/\/www.uhdspain.com\/#organization"},"image":{"@id":"https:\/\/www.uhdspain.com\/?p=4890#primaryimage"},"thumbnailUrl":"https:\/\/www.uhdspain.com\/web\/wp-content\/uploads\/2022\/09\/Curso-UHD-SPAIN-UPM-ENG-copy-scaled.jpg","inLanguage":"en-US"},{"@type":"WebPage","@id":"https:\/\/www.uhdspain.com\/?p=4890","url":"https:\/\/www.uhdspain.com\/?p=4890","name":"HD Spain presents a course on UHD signal","isPartOf":{"@id":"https:\/\/www.uhdspain.com\/#website"},"primaryImageOfPage":{"@id":"https:\/\/www.uhdspain.com\/?p=4890#primaryimage"},"image":{"@id":"https:\/\/www.uhdspain.com\/?p=4890#primaryimage"},"thumbnailUrl":"https:\/\/www.uhdspain.com\/web\/wp-content\/uploads\/2022\/09\/Curso-UHD-SPAIN-UPM-ENG-copy-scaled.jpg","datePublished":"2022-09-22T01:00:06+00:00","description":"The faculty is integrated by active professional specialists, members of UHD Spain. Registration is now open.","breadcrumb":{"@id":"https:\/\/www.uhdspain.com\/?p=4890#breadcrumb"},"inLanguage":"en-US","potentialAction":[{"@type":"ReadAction","target":["https:\/\/www.uhdspain.com\/?p=4890"]}]},{"@type":"ImageObject","inLanguage":"en-US","@id":"https:\/\/www.uhdspain.com\/?p=4890#primaryimage","url":"https:\/\/www.uhdspain.com\/web\/wp-content\/uploads\/2022\/09\/Curso-UHD-SPAIN-UPM-ENG-copy-scaled.jpg","contentUrl":"https:\/\/www.uhdspain.com\/web\/wp-content\/uploads\/2022\/09\/Curso-UHD-SPAIN-UPM-ENG-copy-scaled.jpg","width":2560,"height":1008,"caption":"Curso-UHD-SPAIN-UPM"},{"@type":"BreadcrumbList","@id":"https:\/\/www.uhdspain.com\/?p=4890#breadcrumb","itemListElement":[{"@type":"ListItem","position":1,"name":"Portada","item":"https:\/\/www.uhdspain.com\/en\/"},{"@type":"ListItem","position":2,"name":"UHD SPAIN PRESENTS A COURSE ON UHD SIGNAL PRODUCTION AND BROADCASTING IN COLLABORATION WITH THE UPM"}]},{"@type":"WebSite","@id":"https:\/\/www.uhdspain.com\/#website","url":"https:\/\/www.uhdspain.com\/","name":"UHD SPAIN","description":"","publisher":{"@id":"https:\/\/www.uhdspain.com\/#organization"},"potentialAction":[{"@type":"SearchAction","target":{"@type":"EntryPoint","urlTemplate":"https:\/\/www.uhdspain.com\/?s={search_term_string}"},"query-input":{"@type":"PropertyValueSpecification","valueRequired":true,"valueName":"search_term_string"}}],"inLanguage":"en-US"},{"@type":"Organization","@id":"https:\/\/www.uhdspain.com\/#organization","name":"UHD SPAIN","url":"https:\/\/www.uhdspain.com\/","logo":{"@type":"ImageObject","inLanguage":"en-US","@id":"https:\/\/www.uhdspain.com\/#\/schema\/logo\/image\/","url":"https:\/\/www.uhdspain.com\/web\/wp-content\/uploads\/2021\/04\/UHD-SPAIN-LOGO.png","contentUrl":"https:\/\/www.uhdspain.com\/web\/wp-content\/uploads\/2021\/04\/UHD-SPAIN-LOGO.png","width":900,"height":600,"caption":"UHD SPAIN"},"image":{"@id":"https:\/\/www.uhdspain.com\/#\/schema\/logo\/image\/"}},{"@type":"Person","@id":"https:\/\/www.uhdspain.com\/#\/schema\/person\/68639dd94411cf0dd0ef7b380a2f1a60","name":"Mar\u00eda Medina","image":{"@type":"ImageObject","inLanguage":"en-US","@id":"https:\/\/secure.gravatar.com\/avatar\/5d520bf99c3df831bc828a2fcd23b134b65dd8ed7399a7b45c5451a9527ddb3a?s=96&d=mm&r=g","url":"https:\/\/secure.gravatar.com\/avatar\/5d520bf99c3df831bc828a2fcd23b134b65dd8ed7399a7b45c5451a9527ddb3a?s=96&d=mm&r=g","contentUrl":"https:\/\/secure.gravatar.com\/avatar\/5d520bf99c3df831bc828a2fcd23b134b65dd8ed7399a7b45c5451a9527ddb3a?s=96&d=mm&r=g","caption":"Mar\u00eda Medina"},"sameAs":["https:\/\/www.medinamedia.net"]}]}},"_links":{"self":[{"href":"https:\/\/www.uhdspain.com\/en\/wp-json\/wp\/v2\/posts\/4895","targetHints":{"allow":["GET"]}}],"collection":[{"href":"https:\/\/www.uhdspain.com\/en\/wp-json\/wp\/v2\/posts"}],"about":[{"href":"https:\/\/www.uhdspain.com\/en\/wp-json\/wp\/v2\/types\/post"}],"author":[{"embeddable":true,"href":"https:\/\/www.uhdspain.com\/en\/wp-json\/wp\/v2\/users\/2"}],"replies":[{"embeddable":true,"href":"https:\/\/www.uhdspain.com\/en\/wp-json\/wp\/v2\/comments?post=4895"}],"version-history":[{"count":0,"href":"https:\/\/www.uhdspain.com\/en\/wp-json\/wp\/v2\/posts\/4895\/revisions"}],"wp:featuredmedia":[{"embeddable":true,"href":"https:\/\/www.uhdspain.com\/en\/wp-json\/wp\/v2\/media\/4896"}],"wp:attachment":[{"href":"https:\/\/www.uhdspain.com\/en\/wp-json\/wp\/v2\/media?parent=4895"}],"wp:term":[{"taxonomy":"category","embeddable":true,"href":"https:\/\/www.uhdspain.com\/en\/wp-json\/wp\/v2\/categories?post=4895"},{"taxonomy":"post_tag","embeddable":true,"href":"https:\/\/www.uhdspain.com\/en\/wp-json\/wp\/v2\/tags?post=4895"}],"curies":[{"name":"wp","href":"https:\/\/api.w.org\/{rel}","templated":true}]}}