{"id":15151,"date":"2026-01-30T13:45:01","date_gmt":"2026-01-30T11:45:01","guid":{"rendered":"https:\/\/www.uhdspain.com\/uhd-spain-celebra-su-v-aniversario-impulsando-juntos-la-television-del-futuro\/"},"modified":"2026-01-30T14:11:34","modified_gmt":"2026-01-30T12:11:34","slug":"uhd-spain-celebrates-its-fifth-anniversary-driving-the-future-of-television-together","status":"publish","type":"post","link":"https:\/\/www.uhdspain.com\/en\/uhd-spain-celebrates-its-fifth-anniversary-driving-the-future-of-television-together\/","title":{"rendered":"UHD SPAIN CELEBRATES ITS 5TH ANNIVERSARY &#8216;DRIVING THE FUTURE OF TELEVISION TOGETHER&#8217;"},"content":{"rendered":"<ul>\n<li><strong>The association is celebrating its fifth anniversary and brought together institutional representatives and professionals from the sector in a meeting and reflection space where attendees were able to talk, share impressions and exchange ideas and perspectives for the future.<\/strong><\/li>\n<li><strong>V\u00edctor S\u00e1nchez, president of UHD Spain: &#8220;These five years have been possible thanks to the joint work of all of us who are part of UHD Spain and the constant support of a sector that firmly believes in innovation&#8221;.<\/strong><\/li>\n<\/ul>\n<p>&nbsp;<\/p>\n<p>The <strong>UHD Spain <\/strong>association celebrated its <strong>fifth anniversary <\/strong>with a meeting at Casa Suecia (NH Collection Hotel) in Madrid, bringing together representatives from the 35 entities that make up the association and leading figures from the audiovisual and telecommunications sector.<\/p>\n<p>The event was attended by institutional representatives and leading professionals from the sector. <strong>\u00c1ngel Garc\u00eda Castillejo, Vice-President of the National Commission for Markets and Competition (CNMC) <\/strong>and President of its Regulatory Oversight Chamber, congratulated UHD Spain in a video message in which he highlighted the work carried out by the association since its inception.<\/p>\n<p><img loading=\"lazy\" decoding=\"async\" class=\"aligncenter size-large wp-image-15146\" src=\"https:\/\/www.uhdspain.com\/web\/wp-content\/uploads\/2026\/01\/Victor-Sanchez-foto-familia-V-Aniversario-2-1024x683.jpg\" alt=\"\" width=\"1024\" height=\"683\" srcset=\"https:\/\/www.uhdspain.com\/web\/wp-content\/uploads\/2026\/01\/Victor-Sanchez-foto-familia-V-Aniversario-2-1024x683.jpg 1024w, https:\/\/www.uhdspain.com\/web\/wp-content\/uploads\/2026\/01\/Victor-Sanchez-foto-familia-V-Aniversario-2-300x200.jpg 300w, https:\/\/www.uhdspain.com\/web\/wp-content\/uploads\/2026\/01\/Victor-Sanchez-foto-familia-V-Aniversario-2-768x512.jpg 768w, https:\/\/www.uhdspain.com\/web\/wp-content\/uploads\/2026\/01\/Victor-Sanchez-foto-familia-V-Aniversario-2-1536x1024.jpg 1536w, https:\/\/www.uhdspain.com\/web\/wp-content\/uploads\/2026\/01\/Victor-Sanchez-foto-familia-V-Aniversario-2-2048x1365.jpg 2048w\" sizes=\"auto, (max-width: 1024px) 100vw, 1024px\" \/><\/p>\n<p>The event was led by <strong>V\u00edctor S\u00e1nchez, <em>president of UHD Spain<\/em><\/strong>, and attended by <strong>representatives from the 35 entities that currently make up the association<\/strong>: Agile TV, Ametic, Ateme, Atresmedia, Axi\u00f3n, Canal Sur, Canon, CCMA, Cellnex, Cires21, COITT, Dolby, Fenitel, Forta, Fraunhofer, Grup Mediapro, Gsertel, Henneo, Hispasat, Hur\u00ed, Grupo Lavinia, Medina Media, Rohde &amp; Schwarz, RTVE, Sapec, Synamedia, Tedial, Telecom CLM, Telev\u00e9s, TRedess, TVU Networks, Universidad Polit\u00e9cnica de Madrid (UPM), Uteca, Vestel and Video-MOS. Also participating were <strong>Miguel S\u00e1nchez Galindo<\/strong>, <em>Director General of <strong>DigitalES<\/strong><\/em>; <strong>Francisco Hortig\u00fcela<\/strong>, <em>President of <strong>Ametic<\/strong><\/em>; <strong>Francisco Huerva<\/strong>, <em>Chairman of <strong>Fenitel<\/strong><\/em>; <strong>Fernando Ojea<\/strong>, <em>Secretary General of <strong>FORTA<\/strong><\/em>; <strong>Emilio Lliteras<\/strong>, <em>Chief Executive Officer of <strong>UTECA<\/strong><\/em>; <strong>Luis Miguel Chapinal,<\/strong> <em>Dean of <strong>COITT<\/strong><\/em>; <strong>Jos\u00e9 Luis Ruiz<\/strong>, <em>Treasurer of <strong>COIT<\/strong><\/em>; and <strong>Adriana V\u00e1zquez<\/strong>, <em>Director of Production and Media at <strong>RTVE<\/strong><\/em>; as well as representatives from Accenture, Btesa, DigitalES, Eumovil, Grupo Secuoya, Huawei, Isdefe, MoMe, Netflix, Net Insight, NTI, Telef\u00f3nica, Telef\u00f3nica Broadcast Services, Telef\u00f3nica Servicios Audiovisuales, Telef\u00f3nica Audiovisual Digital and Telef\u00f3nica Innovaci\u00f3n Digital.<\/p>\n<p><img loading=\"lazy\" decoding=\"async\" class=\"aligncenter size-large wp-image-15147\" src=\"https:\/\/www.uhdspain.com\/web\/wp-content\/uploads\/2026\/01\/Junta-Directiva-UHD-Spain-V-Aniversario-1024x683.jpg\" alt=\"\" width=\"1024\" height=\"683\" srcset=\"https:\/\/www.uhdspain.com\/web\/wp-content\/uploads\/2026\/01\/Junta-Directiva-UHD-Spain-V-Aniversario-1024x683.jpg 1024w, https:\/\/www.uhdspain.com\/web\/wp-content\/uploads\/2026\/01\/Junta-Directiva-UHD-Spain-V-Aniversario-300x200.jpg 300w, https:\/\/www.uhdspain.com\/web\/wp-content\/uploads\/2026\/01\/Junta-Directiva-UHD-Spain-V-Aniversario-768x512.jpg 768w, https:\/\/www.uhdspain.com\/web\/wp-content\/uploads\/2026\/01\/Junta-Directiva-UHD-Spain-V-Aniversario-1536x1024.jpg 1536w, https:\/\/www.uhdspain.com\/web\/wp-content\/uploads\/2026\/01\/Junta-Directiva-UHD-Spain-V-Aniversario-2048x1365.jpg 2048w\" sizes=\"auto, (max-width: 1024px) 100vw, 1024px\" \/><\/p>\n<p>&nbsp;<\/p>\n<p><a href=\"https:\/\/www.flickr.com\/photos\/199946294@N04\/albums\/72177720331754898\/\" target=\"_blank\" rel=\"noopener\"><strong>CLICK TO VIEW THE PHOTO GALLERY<\/strong><\/a><\/p>\n<p>&nbsp;<\/p>\n<p><strong>&#8216;Driving the television of the future together&#8217;<\/strong><\/p>\n<p>Under the slogan that defines the spirit of the association, <strong>&#8216;Driving the future of television together&#8217;<\/strong>, the celebration became a space for meeting and reflection where attendees could <strong>talk, share impressions and exchange ideas and perspectives for the future <\/strong>in a friendly and relaxed atmosphere. The event also served to highlight UHD Spain&#8217;s <strong>five-year track record <\/strong>of working collaboratively to promote innovation and the development of ultra-high-definition television in Spain.<\/p>\n<p><img loading=\"lazy\" decoding=\"async\" class=\"aligncenter size-large wp-image-15148\" src=\"https:\/\/www.uhdspain.com\/web\/wp-content\/uploads\/2026\/01\/Networking-V-Aniversario-UHD-Spain-1024x683.jpg\" alt=\"\" width=\"1024\" height=\"683\" srcset=\"https:\/\/www.uhdspain.com\/web\/wp-content\/uploads\/2026\/01\/Networking-V-Aniversario-UHD-Spain-1024x683.jpg 1024w, https:\/\/www.uhdspain.com\/web\/wp-content\/uploads\/2026\/01\/Networking-V-Aniversario-UHD-Spain-300x200.jpg 300w, https:\/\/www.uhdspain.com\/web\/wp-content\/uploads\/2026\/01\/Networking-V-Aniversario-UHD-Spain-768x512.jpg 768w, https:\/\/www.uhdspain.com\/web\/wp-content\/uploads\/2026\/01\/Networking-V-Aniversario-UHD-Spain-1536x1024.jpg 1536w, https:\/\/www.uhdspain.com\/web\/wp-content\/uploads\/2026\/01\/Networking-V-Aniversario-UHD-Spain-2048x1365.jpg 2048w\" sizes=\"auto, (max-width: 1024px) 100vw, 1024px\" \/><\/p>\n<p>During the event, the <strong>president of UHD Spain, Victor Sanchez<\/strong>, thanked all attendees for their presence and commitment, as well as the support received over the years from the association&#8217;s members and collaborators.<\/p>\n<p>During his speech, he highlighted <strong>the association&#8217;s track record and impact in promoting Ultra High Definition in Spain<\/strong>, recalling that &#8220;it started with test broadcasts&#8221; and that this path has led to milestones such as the broadcast of the World Cup in Qatar in UHD, the launch of a regular RTVE channel in Ultra High Definition and the approval of a Royal Decree that &#8220;forces broadcasting in UHD&#8221;. S\u00e1nchez stressed that <strong>UHD Spain is &#8220;an association that has started, has a track record and is going from strength to strength&#8221;<\/strong>, with continuous growth in membership, a clear vision for the future and a European vocation, as &#8220;we will create a European UHD group&#8221;.<\/p>\n<p><img loading=\"lazy\" decoding=\"async\" class=\"aligncenter size-large wp-image-15149\" src=\"https:\/\/www.uhdspain.com\/web\/wp-content\/uploads\/2026\/01\/Foto-familia-V-Aniversario-UHD-Spain-1024x683.jpg\" alt=\"\" width=\"1024\" height=\"683\" srcset=\"https:\/\/www.uhdspain.com\/web\/wp-content\/uploads\/2026\/01\/Foto-familia-V-Aniversario-UHD-Spain-1024x683.jpg 1024w, https:\/\/www.uhdspain.com\/web\/wp-content\/uploads\/2026\/01\/Foto-familia-V-Aniversario-UHD-Spain-300x200.jpg 300w, https:\/\/www.uhdspain.com\/web\/wp-content\/uploads\/2026\/01\/Foto-familia-V-Aniversario-UHD-Spain-768x512.jpg 768w, https:\/\/www.uhdspain.com\/web\/wp-content\/uploads\/2026\/01\/Foto-familia-V-Aniversario-UHD-Spain-1536x1024.jpg 1536w, https:\/\/www.uhdspain.com\/web\/wp-content\/uploads\/2026\/01\/Foto-familia-V-Aniversario-UHD-Spain-2048x1365.jpg 2048w\" sizes=\"auto, (max-width: 1024px) 100vw, 1024px\" \/><\/p>\n<p>Finally, he emphasised the <strong>inclusive nature of the association<\/strong>, which brings together manufacturers, broadcasters and content generators, and thanked all the members and attendees for their support, stating that &#8220;there was no better way to celebrate these five years than to spend some quality time with everyone&#8221; and thanking &#8220;all those who have made this possible, whether they are here today or not&#8221;.<\/p>\n<p>The 5th Anniversary celebration reaffirms UHD Spain&#8217;s role as <strong>a leading forum for dialogue, cooperation and the promotion of UHD<\/strong>, consolidating its commitment to technological development and the evolution of the audiovisual sector in Spain.<\/p>\n<div class=\"embed-containerHome\"><iframe loading=\"lazy\" title=\"ANIVERSARIO UHD SPAIN\" src=\"https:\/\/player.vimeo.com\/video\/1160146879?dnt=1&amp;app_id=122963\" width=\"500\" height=\"281\" frameborder=\"0\" allow=\"autoplay; fullscreen; picture-in-picture; clipboard-write; encrypted-media; web-share\" referrerpolicy=\"strict-origin-when-cross-origin\"><\/iframe><\/div>\n<p><strong>5 YEARS OF UHD SPAIN IN PICTURES<\/strong><\/p>\n<p>&nbsp;<\/p>\n<p><strong>About UHD Spain<\/strong><\/p>\n<p>UHD Spain is a non-profit association created on 26 January 2021 to promote Ultra High Definition (UHD) in Spain. It now has 35 members: Agile TV, Ametic, Ateme, Atresmedia, Axi\u00f3n, Canal Sur, Canon, CCMA, Cellnex, Cires21, COITT, Dolby, Fenitel, Forta, Fraunhofer, Grup Mediapro, Gsertel, Henneo, Hispasat, Hur\u00ed, Grupo Lavinia, Medina Media, Rohde &amp; Schwarz, RTVE, Sapec, Synamedia, Tedial, Telecom CLM, Telev\u00e9s, TRedess, TVU Networks, Universidad Polit\u00e9cnica de Madrid (UPM), Uteca, Vestel and Video-MOS.<\/p>\n","protected":false},"excerpt":{"rendered":"<p>The association is celebrating its fifth anniversary and brought together institutional representatives and professionals from the sector in a meeting and reflection space where attendees were able to talk, share impressions and exchange ideas and perspectives for the future. V\u00edctor S\u00e1nchez, president of UHD Spain: &#8220;These five years have been possible thanks to the joint [&hellip;]<\/p>\n","protected":false},"author":3,"featured_media":15152,"comment_status":"closed","ping_status":"closed","sticky":false,"template":"","format":"standard","meta":{"_acf_changed":false,"inline_featured_image":false,"footnotes":""},"categories":[8],"tags":[],"class_list":["post-15151","post","type-post","status-publish","format-standard","has-post-thumbnail","hentry","category-uncategorized"],"acf":[],"yoast_head":"<!-- This site is optimized with the Yoast SEO plugin v27.5 - https:\/\/yoast.com\/product\/yoast-seo-wordpress\/ -->\n<title>UHD SPAIN CELEBRATES ITS 5TH ANNIVERSARY &#039;DRIVING THE FUTURE OF TELEVISION TOGETHER&#039; - UHD SPAIN<\/title>\n<meta name=\"robots\" content=\"index, follow, max-snippet:-1, max-image-preview:large, max-video-preview:-1\" \/>\n<link rel=\"canonical\" href=\"https:\/\/www.uhdspain.com\/en\/uhd-spain-celebrates-its-fifth-anniversary-driving-the-future-of-television-together\/\" \/>\n<meta property=\"og:locale\" content=\"en_US\" \/>\n<meta property=\"og:type\" content=\"article\" \/>\n<meta property=\"og:title\" content=\"UHD SPAIN CELEBRATES ITS 5TH ANNIVERSARY &#039;DRIVING THE FUTURE OF TELEVISION TOGETHER&#039; - UHD SPAIN\" \/>\n<meta property=\"og:description\" content=\"The association is celebrating its fifth anniversary and brought together institutional representatives and professionals from the sector in a meeting and reflection space where attendees were able to talk, share impressions and exchange ideas and perspectives for the future. V\u00edctor S\u00e1nchez, president of UHD Spain: &#8220;These five years have been possible thanks to the joint [&hellip;]\" \/>\n<meta property=\"og:url\" content=\"https:\/\/www.uhdspain.com\/en\/uhd-spain-celebrates-its-fifth-anniversary-driving-the-future-of-television-together\/\" \/>\n<meta property=\"og:site_name\" content=\"UHD SPAIN\" \/>\n<meta property=\"article:published_time\" content=\"2026-01-30T11:45:01+00:00\" \/>\n<meta property=\"article:modified_time\" content=\"2026-01-30T12:11:34+00:00\" \/>\n<meta property=\"og:image\" content=\"https:\/\/www.uhdspain.com\/web\/wp-content\/uploads\/2026\/01\/Victor-Sanchez-V-Aniversario-UHD-Spain-scaled.jpg\" \/>\n\t<meta property=\"og:image:width\" content=\"2560\" \/>\n\t<meta property=\"og:image:height\" content=\"1707\" \/>\n\t<meta property=\"og:image:type\" content=\"image\/jpeg\" \/>\n<meta name=\"author\" content=\"C M\" \/>\n<meta name=\"twitter:card\" content=\"summary_large_image\" \/>\n<meta name=\"twitter:label1\" content=\"Written by\" \/>\n\t<meta name=\"twitter:data1\" content=\"C M\" \/>\n\t<meta name=\"twitter:label2\" content=\"Est. reading time\" \/>\n\t<meta name=\"twitter:data2\" content=\"4 minutes\" \/>\n<script type=\"application\/ld+json\" class=\"yoast-schema-graph\">{\"@context\":\"https:\\\/\\\/schema.org\",\"@graph\":[{\"@type\":\"Article\",\"@id\":\"https:\\\/\\\/www.uhdspain.com\\\/en\\\/uhd-spain-celebrates-its-fifth-anniversary-driving-the-future-of-television-together\\\/#article\",\"isPartOf\":{\"@id\":\"https:\\\/\\\/www.uhdspain.com\\\/en\\\/uhd-spain-celebrates-its-fifth-anniversary-driving-the-future-of-television-together\\\/\"},\"author\":{\"name\":\"C M\",\"@id\":\"https:\\\/\\\/www.uhdspain.com\\\/#\\\/schema\\\/person\\\/26ed5862e8b7d4a93d76cadd97e88a3b\"},\"headline\":\"UHD SPAIN CELEBRATES ITS 5TH ANNIVERSARY &#8216;DRIVING THE FUTURE OF TELEVISION TOGETHER&#8217;\",\"datePublished\":\"2026-01-30T11:45:01+00:00\",\"dateModified\":\"2026-01-30T12:11:34+00:00\",\"mainEntityOfPage\":{\"@id\":\"https:\\\/\\\/www.uhdspain.com\\\/en\\\/uhd-spain-celebrates-its-fifth-anniversary-driving-the-future-of-television-together\\\/\"},\"wordCount\":789,\"publisher\":{\"@id\":\"https:\\\/\\\/www.uhdspain.com\\\/#organization\"},\"image\":{\"@id\":\"https:\\\/\\\/www.uhdspain.com\\\/en\\\/uhd-spain-celebrates-its-fifth-anniversary-driving-the-future-of-television-together\\\/#primaryimage\"},\"thumbnailUrl\":\"https:\\\/\\\/www.uhdspain.com\\\/web\\\/wp-content\\\/uploads\\\/2026\\\/01\\\/Victor-Sanchez-V-Aniversario-UHD-Spain-scaled.jpg\",\"inLanguage\":\"en-US\"},{\"@type\":\"WebPage\",\"@id\":\"https:\\\/\\\/www.uhdspain.com\\\/en\\\/uhd-spain-celebrates-its-fifth-anniversary-driving-the-future-of-television-together\\\/\",\"url\":\"https:\\\/\\\/www.uhdspain.com\\\/en\\\/uhd-spain-celebrates-its-fifth-anniversary-driving-the-future-of-television-together\\\/\",\"name\":\"UHD SPAIN CELEBRATES ITS 5TH ANNIVERSARY 'DRIVING THE FUTURE OF TELEVISION TOGETHER' - UHD SPAIN\",\"isPartOf\":{\"@id\":\"https:\\\/\\\/www.uhdspain.com\\\/#website\"},\"primaryImageOfPage\":{\"@id\":\"https:\\\/\\\/www.uhdspain.com\\\/en\\\/uhd-spain-celebrates-its-fifth-anniversary-driving-the-future-of-television-together\\\/#primaryimage\"},\"image\":{\"@id\":\"https:\\\/\\\/www.uhdspain.com\\\/en\\\/uhd-spain-celebrates-its-fifth-anniversary-driving-the-future-of-television-together\\\/#primaryimage\"},\"thumbnailUrl\":\"https:\\\/\\\/www.uhdspain.com\\\/web\\\/wp-content\\\/uploads\\\/2026\\\/01\\\/Victor-Sanchez-V-Aniversario-UHD-Spain-scaled.jpg\",\"datePublished\":\"2026-01-30T11:45:01+00:00\",\"dateModified\":\"2026-01-30T12:11:34+00:00\",\"breadcrumb\":{\"@id\":\"https:\\\/\\\/www.uhdspain.com\\\/en\\\/uhd-spain-celebrates-its-fifth-anniversary-driving-the-future-of-television-together\\\/#breadcrumb\"},\"inLanguage\":\"en-US\",\"potentialAction\":[{\"@type\":\"ReadAction\",\"target\":[\"https:\\\/\\\/www.uhdspain.com\\\/en\\\/uhd-spain-celebrates-its-fifth-anniversary-driving-the-future-of-television-together\\\/\"]}]},{\"@type\":\"ImageObject\",\"inLanguage\":\"en-US\",\"@id\":\"https:\\\/\\\/www.uhdspain.com\\\/en\\\/uhd-spain-celebrates-its-fifth-anniversary-driving-the-future-of-television-together\\\/#primaryimage\",\"url\":\"https:\\\/\\\/www.uhdspain.com\\\/web\\\/wp-content\\\/uploads\\\/2026\\\/01\\\/Victor-Sanchez-V-Aniversario-UHD-Spain-scaled.jpg\",\"contentUrl\":\"https:\\\/\\\/www.uhdspain.com\\\/web\\\/wp-content\\\/uploads\\\/2026\\\/01\\\/Victor-Sanchez-V-Aniversario-UHD-Spain-scaled.jpg\",\"width\":2560,\"height\":1707},{\"@type\":\"BreadcrumbList\",\"@id\":\"https:\\\/\\\/www.uhdspain.com\\\/en\\\/uhd-spain-celebrates-its-fifth-anniversary-driving-the-future-of-television-together\\\/#breadcrumb\",\"itemListElement\":[{\"@type\":\"ListItem\",\"position\":1,\"name\":\"Portada\",\"item\":\"https:\\\/\\\/www.uhdspain.com\\\/en\\\/\"},{\"@type\":\"ListItem\",\"position\":2,\"name\":\"UHD SPAIN CELEBRATES ITS 5TH ANNIVERSARY &#8216;DRIVING THE FUTURE OF TELEVISION TOGETHER&#8217;\"}]},{\"@type\":\"WebSite\",\"@id\":\"https:\\\/\\\/www.uhdspain.com\\\/#website\",\"url\":\"https:\\\/\\\/www.uhdspain.com\\\/\",\"name\":\"UHD SPAIN\",\"description\":\"\",\"publisher\":{\"@id\":\"https:\\\/\\\/www.uhdspain.com\\\/#organization\"},\"potentialAction\":[{\"@type\":\"SearchAction\",\"target\":{\"@type\":\"EntryPoint\",\"urlTemplate\":\"https:\\\/\\\/www.uhdspain.com\\\/?s={search_term_string}\"},\"query-input\":{\"@type\":\"PropertyValueSpecification\",\"valueRequired\":true,\"valueName\":\"search_term_string\"}}],\"inLanguage\":\"en-US\"},{\"@type\":\"Organization\",\"@id\":\"https:\\\/\\\/www.uhdspain.com\\\/#organization\",\"name\":\"UHD SPAIN\",\"url\":\"https:\\\/\\\/www.uhdspain.com\\\/\",\"logo\":{\"@type\":\"ImageObject\",\"inLanguage\":\"en-US\",\"@id\":\"https:\\\/\\\/www.uhdspain.com\\\/#\\\/schema\\\/logo\\\/image\\\/\",\"url\":\"https:\\\/\\\/www.uhdspain.com\\\/web\\\/wp-content\\\/uploads\\\/2021\\\/04\\\/UHD-SPAIN-LOGO.png\",\"contentUrl\":\"https:\\\/\\\/www.uhdspain.com\\\/web\\\/wp-content\\\/uploads\\\/2021\\\/04\\\/UHD-SPAIN-LOGO.png\",\"width\":900,\"height\":600,\"caption\":\"UHD SPAIN\"},\"image\":{\"@id\":\"https:\\\/\\\/www.uhdspain.com\\\/#\\\/schema\\\/logo\\\/image\\\/\"}},{\"@type\":\"Person\",\"@id\":\"https:\\\/\\\/www.uhdspain.com\\\/#\\\/schema\\\/person\\\/26ed5862e8b7d4a93d76cadd97e88a3b\",\"name\":\"C M\",\"image\":{\"@type\":\"ImageObject\",\"inLanguage\":\"en-US\",\"@id\":\"https:\\\/\\\/secure.gravatar.com\\\/avatar\\\/3c2b4f1e028a66d33c8ea2927287886aeed0e3020ed3f7803c52938ad936b591?s=96&d=mm&r=g\",\"url\":\"https:\\\/\\\/secure.gravatar.com\\\/avatar\\\/3c2b4f1e028a66d33c8ea2927287886aeed0e3020ed3f7803c52938ad936b591?s=96&d=mm&r=g\",\"contentUrl\":\"https:\\\/\\\/secure.gravatar.com\\\/avatar\\\/3c2b4f1e028a66d33c8ea2927287886aeed0e3020ed3f7803c52938ad936b591?s=96&d=mm&r=g\",\"caption\":\"C M\"}}]}<\/script>\n<!-- \/ Yoast SEO plugin. -->","yoast_head_json":{"title":"UHD SPAIN CELEBRATES ITS 5TH ANNIVERSARY 'DRIVING THE FUTURE OF TELEVISION TOGETHER' - UHD SPAIN","robots":{"index":"index","follow":"follow","max-snippet":"max-snippet:-1","max-image-preview":"max-image-preview:large","max-video-preview":"max-video-preview:-1"},"canonical":"https:\/\/www.uhdspain.com\/en\/uhd-spain-celebrates-its-fifth-anniversary-driving-the-future-of-television-together\/","og_locale":"en_US","og_type":"article","og_title":"UHD SPAIN CELEBRATES ITS 5TH ANNIVERSARY 'DRIVING THE FUTURE OF TELEVISION TOGETHER' - UHD SPAIN","og_description":"The association is celebrating its fifth anniversary and brought together institutional representatives and professionals from the sector in a meeting and reflection space where attendees were able to talk, share impressions and exchange ideas and perspectives for the future. V\u00edctor S\u00e1nchez, president of UHD Spain: &#8220;These five years have been possible thanks to the joint [&hellip;]","og_url":"https:\/\/www.uhdspain.com\/en\/uhd-spain-celebrates-its-fifth-anniversary-driving-the-future-of-television-together\/","og_site_name":"UHD SPAIN","article_published_time":"2026-01-30T11:45:01+00:00","article_modified_time":"2026-01-30T12:11:34+00:00","og_image":[{"width":2560,"height":1707,"url":"https:\/\/www.uhdspain.com\/web\/wp-content\/uploads\/2026\/01\/Victor-Sanchez-V-Aniversario-UHD-Spain-scaled.jpg","type":"image\/jpeg"}],"author":"C M","twitter_card":"summary_large_image","twitter_misc":{"Written by":"C M","Est. reading time":"4 minutes"},"schema":{"@context":"https:\/\/schema.org","@graph":[{"@type":"Article","@id":"https:\/\/www.uhdspain.com\/en\/uhd-spain-celebrates-its-fifth-anniversary-driving-the-future-of-television-together\/#article","isPartOf":{"@id":"https:\/\/www.uhdspain.com\/en\/uhd-spain-celebrates-its-fifth-anniversary-driving-the-future-of-television-together\/"},"author":{"name":"C M","@id":"https:\/\/www.uhdspain.com\/#\/schema\/person\/26ed5862e8b7d4a93d76cadd97e88a3b"},"headline":"UHD SPAIN CELEBRATES ITS 5TH ANNIVERSARY &#8216;DRIVING THE FUTURE OF TELEVISION TOGETHER&#8217;","datePublished":"2026-01-30T11:45:01+00:00","dateModified":"2026-01-30T12:11:34+00:00","mainEntityOfPage":{"@id":"https:\/\/www.uhdspain.com\/en\/uhd-spain-celebrates-its-fifth-anniversary-driving-the-future-of-television-together\/"},"wordCount":789,"publisher":{"@id":"https:\/\/www.uhdspain.com\/#organization"},"image":{"@id":"https:\/\/www.uhdspain.com\/en\/uhd-spain-celebrates-its-fifth-anniversary-driving-the-future-of-television-together\/#primaryimage"},"thumbnailUrl":"https:\/\/www.uhdspain.com\/web\/wp-content\/uploads\/2026\/01\/Victor-Sanchez-V-Aniversario-UHD-Spain-scaled.jpg","inLanguage":"en-US"},{"@type":"WebPage","@id":"https:\/\/www.uhdspain.com\/en\/uhd-spain-celebrates-its-fifth-anniversary-driving-the-future-of-television-together\/","url":"https:\/\/www.uhdspain.com\/en\/uhd-spain-celebrates-its-fifth-anniversary-driving-the-future-of-television-together\/","name":"UHD SPAIN CELEBRATES ITS 5TH ANNIVERSARY 'DRIVING THE FUTURE OF TELEVISION TOGETHER' - UHD SPAIN","isPartOf":{"@id":"https:\/\/www.uhdspain.com\/#website"},"primaryImageOfPage":{"@id":"https:\/\/www.uhdspain.com\/en\/uhd-spain-celebrates-its-fifth-anniversary-driving-the-future-of-television-together\/#primaryimage"},"image":{"@id":"https:\/\/www.uhdspain.com\/en\/uhd-spain-celebrates-its-fifth-anniversary-driving-the-future-of-television-together\/#primaryimage"},"thumbnailUrl":"https:\/\/www.uhdspain.com\/web\/wp-content\/uploads\/2026\/01\/Victor-Sanchez-V-Aniversario-UHD-Spain-scaled.jpg","datePublished":"2026-01-30T11:45:01+00:00","dateModified":"2026-01-30T12:11:34+00:00","breadcrumb":{"@id":"https:\/\/www.uhdspain.com\/en\/uhd-spain-celebrates-its-fifth-anniversary-driving-the-future-of-television-together\/#breadcrumb"},"inLanguage":"en-US","potentialAction":[{"@type":"ReadAction","target":["https:\/\/www.uhdspain.com\/en\/uhd-spain-celebrates-its-fifth-anniversary-driving-the-future-of-television-together\/"]}]},{"@type":"ImageObject","inLanguage":"en-US","@id":"https:\/\/www.uhdspain.com\/en\/uhd-spain-celebrates-its-fifth-anniversary-driving-the-future-of-television-together\/#primaryimage","url":"https:\/\/www.uhdspain.com\/web\/wp-content\/uploads\/2026\/01\/Victor-Sanchez-V-Aniversario-UHD-Spain-scaled.jpg","contentUrl":"https:\/\/www.uhdspain.com\/web\/wp-content\/uploads\/2026\/01\/Victor-Sanchez-V-Aniversario-UHD-Spain-scaled.jpg","width":2560,"height":1707},{"@type":"BreadcrumbList","@id":"https:\/\/www.uhdspain.com\/en\/uhd-spain-celebrates-its-fifth-anniversary-driving-the-future-of-television-together\/#breadcrumb","itemListElement":[{"@type":"ListItem","position":1,"name":"Portada","item":"https:\/\/www.uhdspain.com\/en\/"},{"@type":"ListItem","position":2,"name":"UHD SPAIN CELEBRATES ITS 5TH ANNIVERSARY &#8216;DRIVING THE FUTURE OF TELEVISION TOGETHER&#8217;"}]},{"@type":"WebSite","@id":"https:\/\/www.uhdspain.com\/#website","url":"https:\/\/www.uhdspain.com\/","name":"UHD SPAIN","description":"","publisher":{"@id":"https:\/\/www.uhdspain.com\/#organization"},"potentialAction":[{"@type":"SearchAction","target":{"@type":"EntryPoint","urlTemplate":"https:\/\/www.uhdspain.com\/?s={search_term_string}"},"query-input":{"@type":"PropertyValueSpecification","valueRequired":true,"valueName":"search_term_string"}}],"inLanguage":"en-US"},{"@type":"Organization","@id":"https:\/\/www.uhdspain.com\/#organization","name":"UHD SPAIN","url":"https:\/\/www.uhdspain.com\/","logo":{"@type":"ImageObject","inLanguage":"en-US","@id":"https:\/\/www.uhdspain.com\/#\/schema\/logo\/image\/","url":"https:\/\/www.uhdspain.com\/web\/wp-content\/uploads\/2021\/04\/UHD-SPAIN-LOGO.png","contentUrl":"https:\/\/www.uhdspain.com\/web\/wp-content\/uploads\/2021\/04\/UHD-SPAIN-LOGO.png","width":900,"height":600,"caption":"UHD SPAIN"},"image":{"@id":"https:\/\/www.uhdspain.com\/#\/schema\/logo\/image\/"}},{"@type":"Person","@id":"https:\/\/www.uhdspain.com\/#\/schema\/person\/26ed5862e8b7d4a93d76cadd97e88a3b","name":"C M","image":{"@type":"ImageObject","inLanguage":"en-US","@id":"https:\/\/secure.gravatar.com\/avatar\/3c2b4f1e028a66d33c8ea2927287886aeed0e3020ed3f7803c52938ad936b591?s=96&d=mm&r=g","url":"https:\/\/secure.gravatar.com\/avatar\/3c2b4f1e028a66d33c8ea2927287886aeed0e3020ed3f7803c52938ad936b591?s=96&d=mm&r=g","contentUrl":"https:\/\/secure.gravatar.com\/avatar\/3c2b4f1e028a66d33c8ea2927287886aeed0e3020ed3f7803c52938ad936b591?s=96&d=mm&r=g","caption":"C M"}}]}},"_links":{"self":[{"href":"https:\/\/www.uhdspain.com\/en\/wp-json\/wp\/v2\/posts\/15151","targetHints":{"allow":["GET"]}}],"collection":[{"href":"https:\/\/www.uhdspain.com\/en\/wp-json\/wp\/v2\/posts"}],"about":[{"href":"https:\/\/www.uhdspain.com\/en\/wp-json\/wp\/v2\/types\/post"}],"author":[{"embeddable":true,"href":"https:\/\/www.uhdspain.com\/en\/wp-json\/wp\/v2\/users\/3"}],"replies":[{"embeddable":true,"href":"https:\/\/www.uhdspain.com\/en\/wp-json\/wp\/v2\/comments?post=15151"}],"version-history":[{"count":6,"href":"https:\/\/www.uhdspain.com\/en\/wp-json\/wp\/v2\/posts\/15151\/revisions"}],"predecessor-version":[{"id":15172,"href":"https:\/\/www.uhdspain.com\/en\/wp-json\/wp\/v2\/posts\/15151\/revisions\/15172"}],"wp:featuredmedia":[{"embeddable":true,"href":"https:\/\/www.uhdspain.com\/en\/wp-json\/wp\/v2\/media\/15152"}],"wp:attachment":[{"href":"https:\/\/www.uhdspain.com\/en\/wp-json\/wp\/v2\/media?parent=15151"}],"wp:term":[{"taxonomy":"category","embeddable":true,"href":"https:\/\/www.uhdspain.com\/en\/wp-json\/wp\/v2\/categories?post=15151"},{"taxonomy":"post_tag","embeddable":true,"href":"https:\/\/www.uhdspain.com\/en\/wp-json\/wp\/v2\/tags?post=15151"}],"curies":[{"name":"wp","href":"https:\/\/api.w.org\/{rel}","templated":true}]}}